{"id":1558,"date":"2014-11-14T09:03:04","date_gmt":"2014-11-14T09:03:04","guid":{"rendered":"http:\/\/www.centroascolto.net\/?p=1558"},"modified":"2015-07-31T13:08:50","modified_gmt":"2015-07-31T11:08:50","slug":"corso-di-autoipnosi-aversa-6-7-dicembre-2014","status":"publish","type":"post","link":"https:\/\/www.centroascolto.net\/studio\/index.php\/2014\/11\/14\/corso-di-autoipnosi-aversa-6-7-dicembre-2014\/","title":{"rendered":"Corso di Autoipnosi | Aversa &#8211; 6-7 Dicembre 2014"},"content":{"rendered":"<h5>Aversa |\u00a0 6-7 Dicembre 2014<\/h5>\n<p>Il Corso, della durata complessiva di 12 ore, si svolge ad Aversa in via Michelangelo Buonarroti 44.<br \/>\n<strong>OBIETTIVI DEL CORSO:<\/strong> il corso vuole essere un\u2019esperienza di apprendimento pratico rivolta a tutti coloro che desiderano approfondire la tematica dell\u2019ipnosi e di come essa possa essere utilizzata per il benessere personale. Il corso ha come obiettivo principale quello di insegnare una procedura di autoipnosi che ciascun partecipante potr\u00e0 utilizzare su di s\u00e9. Ampio spazio sar\u00e0 dato alla sperimentazione pratica e alle procedure di auto-induzione ipnotica.<\/p>\n<p><!--more--><\/p>\n<p><span id=\"more-1467\"><\/span><br \/>\n<strong>DESTINATARI:<\/strong>La formazione \u00e8 rivolta agli Psicologi (anche triennalisti),agli specializzandi in materie psicologiche, Psicoterapeuti, Medici (tutte le specializzazioni), Odontoiatri, Infermieri e a tutti coloro che sono curiosi di conoscere questo argomento e desiderano applicare le tec- niche di auto-ipnosi in un percorso di sviluppo personale. NB: Il numero di partecipanti ad ogni corso \u00e8 limitato, massimo 10, e le iscrizioni verran- no accolte in base all\u2019ordine di arrivo. Termine iscrizioni 1 Dicembre 2014.<br \/>\nIl costo del corso \u00e8 di <strong>120,00 euro<\/strong> per uditori e si terr\u00e0 il 6 e 7 Dicembre 2014 dalle 9:00 alle 18:00 il Sabato e dalle 9:00 alle 13:00 la Domenica. (adotta la formula \u201cporta un amico\u201d e risparmi il 10%). Il corso sar\u00e0 attivato al raggiungimento dei 10 iscritti.<br \/>\n<strong> Sar\u00e0 rilasciato attestato di partecipazione.<\/strong><\/p>\n<p>Modulo iscrizione su www.eictherapies.it<\/p>\n<p>Per info sul corso: <strong>392-4620809<\/strong> o <strong>www.eictherapies.it<\/strong><\/p>\n<p><em>Responsabile dell\u2019evento: Dott. Giuseppe Sequino, Psicologo Clinico e di Comunit\u00e0; Licenciado en Psicolog\u00eda (Espa\u00f1a); MICP (Accredited Member of the International Council of Psychotherapists) UK, ICP Registration of Full Membership; SQHP (Senior Qualification in Hypnotherapy Practice) UK, GHR registered;<\/em><em><br \/>\n<em>Certified Hypnotist AAH ( American Alliance of Hypnotists); Licensed Hypno-Band Practitioner<\/em><\/em><em>.<\/em><\/p>\n","protected":false},"excerpt":{"rendered":"<p>Aversa |\u00a0 6-7 Dicembre 2014 Il Corso, della durata complessiva di 12 ore, si svolge ad Aversa in via Michelangelo Buonarroti 44. OBIETTIVI DEL CORSO: il corso vuole essere un\u2019esperienza di apprendimento pratico rivolta a tutti coloro che desiderano approfondire la tematica dell\u2019ipnosi e di come essa possa essere utilizzata per il benessere personale. Il corso ha come obiettivo principale quello di insegnare una procedura di autoipnosi che ciascun partecipante potr\u00e0 utilizzare su di s\u00e9. Ampio spazio sar\u00e0 dato alla sperimentazione pratica e alle procedure di auto-induzione ipnotica.<\/p>\n","protected":false},"author":1,"featured_media":1663,"comment_status":"open","ping_status":"open","sticky":false,"template":"","format":"standard","meta":{"footnotes":""},"categories":[2],"tags":[],"class_list":["post-1558","post","type-post","status-publish","format-standard","has-post-thumbnail","hentry","category-eventi"],"yoast_head":"<!-- This site is optimized with the Yoast SEO plugin v26.1.1 - https:\/\/yoast.com\/wordpress\/plugins\/seo\/ -->\r\n<title>Corso di Autoipnosi | Aversa - 6-7 Dicembre 2014 - Centro Ascolto<\/title>\r\n<meta name=\"robots\" content=\"index, follow, max-snippet:-1, max-image-preview:large, max-video-preview:-1\" \/>\r\n<link rel=\"canonical\" href=\"https:\/\/www.centroascolto.net\/studio\/index.php\/2014\/11\/14\/corso-di-autoipnosi-aversa-6-7-dicembre-2014\/\" \/>\r\n<meta property=\"og:locale\" content=\"it_IT\" \/>\r\n<meta property=\"og:type\" content=\"article\" \/>\r\n<meta property=\"og:title\" content=\"Corso di Autoipnosi | Aversa - 6-7 Dicembre 2014 - Centro Ascolto\" \/>\r\n<meta property=\"og:description\" content=\"Aversa |\u00a0 6-7 Dicembre 2014 Il Corso, della durata complessiva di 12 ore, si svolge ad Aversa in via Michelangelo Buonarroti 44. OBIETTIVI DEL CORSO: il corso vuole essere un\u2019esperienza di apprendimento pratico rivolta a tutti coloro che desiderano approfondire la tematica dell\u2019ipnosi e di come essa possa essere utilizzata per il benessere personale. Il corso ha come obiettivo principale quello di insegnare una procedura di autoipnosi che ciascun partecipante potr\u00e0 utilizzare su di s\u00e9. Ampio spazio sar\u00e0 dato alla sperimentazione pratica e alle procedure di auto-induzione ipnotica.\" \/>\r\n<meta property=\"og:url\" content=\"https:\/\/www.centroascolto.net\/studio\/index.php\/2014\/11\/14\/corso-di-autoipnosi-aversa-6-7-dicembre-2014\/\" \/>\r\n<meta property=\"og:site_name\" content=\"Centro Ascolto\" \/>\r\n<meta property=\"article:publisher\" content=\"https:\/\/www.facebook.com\/centro.ascolto.758\/?ref=br_rs\" \/>\r\n<meta property=\"article:published_time\" content=\"2014-11-14T09:03:04+00:00\" \/>\r\n<meta property=\"article:modified_time\" content=\"2015-07-31T11:08:50+00:00\" \/>\r\n<meta property=\"og:image\" content=\"https:\/\/www.centroascolto.net\/studio\/wp-content\/uploads\/2014\/11\/autoipnosi1-282x300.jpg\" \/>\r\n\t<meta property=\"og:image:width\" content=\"282\" \/>\r\n\t<meta property=\"og:image:height\" content=\"300\" \/>\r\n\t<meta property=\"og:image:type\" content=\"image\/jpeg\" \/>\r\n<meta name=\"author\" content=\"gluvian\" \/>\r\n<meta name=\"twitter:card\" content=\"summary_large_image\" \/>\r\n<meta name=\"twitter:label1\" content=\"Scritto da\" \/>\n\t<meta name=\"twitter:data1\" content=\"gluvian\" \/>\n\t<meta name=\"twitter:label2\" content=\"Tempo di lettura stimato\" \/>\n\t<meta name=\"twitter:data2\" content=\"1 minuto\" \/>\r\n<script type=\"application\/ld+json\" class=\"yoast-schema-graph\">{\"@context\":\"https:\/\/schema.org\",\"@graph\":[{\"@type\":\"WebPage\",\"@id\":\"https:\/\/www.centroascolto.net\/studio\/index.php\/2014\/11\/14\/corso-di-autoipnosi-aversa-6-7-dicembre-2014\/\",\"url\":\"https:\/\/www.centroascolto.net\/studio\/index.php\/2014\/11\/14\/corso-di-autoipnosi-aversa-6-7-dicembre-2014\/\",\"name\":\"Corso di Autoipnosi | Aversa - 6-7 Dicembre 2014 - Centro Ascolto\",\"isPartOf\":{\"@id\":\"https:\/\/www.centroascolto.net\/studio\/#website\"},\"primaryImageOfPage\":{\"@id\":\"https:\/\/www.centroascolto.net\/studio\/index.php\/2014\/11\/14\/corso-di-autoipnosi-aversa-6-7-dicembre-2014\/#primaryimage\"},\"image\":{\"@id\":\"https:\/\/www.centroascolto.net\/studio\/index.php\/2014\/11\/14\/corso-di-autoipnosi-aversa-6-7-dicembre-2014\/#primaryimage\"},\"thumbnailUrl\":\"https:\/\/www.centroascolto.net\/studio\/wp-content\/uploads\/2014\/11\/autoipnosi1-282x300.jpg\",\"datePublished\":\"2014-11-14T09:03:04+00:00\",\"dateModified\":\"2015-07-31T11:08:50+00:00\",\"author\":{\"@id\":\"https:\/\/www.centroascolto.net\/studio\/#\/schema\/person\/1d8ce00a5fa94aad6c4a8068bd4230fa\"},\"breadcrumb\":{\"@id\":\"https:\/\/www.centroascolto.net\/studio\/index.php\/2014\/11\/14\/corso-di-autoipnosi-aversa-6-7-dicembre-2014\/#breadcrumb\"},\"inLanguage\":\"it-IT\",\"potentialAction\":[{\"@type\":\"ReadAction\",\"target\":[\"https:\/\/www.centroascolto.net\/studio\/index.php\/2014\/11\/14\/corso-di-autoipnosi-aversa-6-7-dicembre-2014\/\"]}]},{\"@type\":\"ImageObject\",\"inLanguage\":\"it-IT\",\"@id\":\"https:\/\/www.centroascolto.net\/studio\/index.php\/2014\/11\/14\/corso-di-autoipnosi-aversa-6-7-dicembre-2014\/#primaryimage\",\"url\":\"https:\/\/www.centroascolto.net\/studio\/wp-content\/uploads\/2014\/11\/autoipnosi1-282x300.jpg\",\"contentUrl\":\"https:\/\/www.centroascolto.net\/studio\/wp-content\/uploads\/2014\/11\/autoipnosi1-282x300.jpg\",\"width\":282,\"height\":300},{\"@type\":\"BreadcrumbList\",\"@id\":\"https:\/\/www.centroascolto.net\/studio\/index.php\/2014\/11\/14\/corso-di-autoipnosi-aversa-6-7-dicembre-2014\/#breadcrumb\",\"itemListElement\":[{\"@type\":\"ListItem\",\"position\":1,\"name\":\"Home\",\"item\":\"https:\/\/www.centroascolto.net\/studio\/\"},{\"@type\":\"ListItem\",\"position\":2,\"name\":\"Corso di Autoipnosi | Aversa &#8211; 6-7 Dicembre 2014\"}]},{\"@type\":\"WebSite\",\"@id\":\"https:\/\/www.centroascolto.net\/studio\/#website\",\"url\":\"https:\/\/www.centroascolto.net\/studio\/\",\"name\":\"Centro Ascolto\",\"description\":\"Psicologi Aversa\",\"potentialAction\":[{\"@type\":\"SearchAction\",\"target\":{\"@type\":\"EntryPoint\",\"urlTemplate\":\"https:\/\/www.centroascolto.net\/studio\/?s={search_term_string}\"},\"query-input\":{\"@type\":\"PropertyValueSpecification\",\"valueRequired\":true,\"valueName\":\"search_term_string\"}}],\"inLanguage\":\"it-IT\"},{\"@type\":\"Person\",\"@id\":\"https:\/\/www.centroascolto.net\/studio\/#\/schema\/person\/1d8ce00a5fa94aad6c4a8068bd4230fa\",\"name\":\"gluvian\",\"image\":{\"@type\":\"ImageObject\",\"inLanguage\":\"it-IT\",\"@id\":\"https:\/\/www.centroascolto.net\/studio\/#\/schema\/person\/image\/\",\"url\":\"https:\/\/secure.gravatar.com\/avatar\/e674403f6f23accf68b1ba79d18938fda2a530ae9ab7d6d374c8e663a7898f67?s=96&d=mm&r=g\",\"contentUrl\":\"https:\/\/secure.gravatar.com\/avatar\/e674403f6f23accf68b1ba79d18938fda2a530ae9ab7d6d374c8e663a7898f67?s=96&d=mm&r=g\",\"caption\":\"gluvian\"},\"url\":\"https:\/\/www.centroascolto.net\/studio\/index.php\/author\/gluvian\/\"}]}<\/script>\r\n<!-- \/ Yoast SEO plugin. -->","yoast_head_json":{"title":"Corso di Autoipnosi | Aversa - 6-7 Dicembre 2014 - Centro Ascolto","robots":{"index":"index","follow":"follow","max-snippet":"max-snippet:-1","max-image-preview":"max-image-preview:large","max-video-preview":"max-video-preview:-1"},"canonical":"https:\/\/www.centroascolto.net\/studio\/index.php\/2014\/11\/14\/corso-di-autoipnosi-aversa-6-7-dicembre-2014\/","og_locale":"it_IT","og_type":"article","og_title":"Corso di Autoipnosi | Aversa - 6-7 Dicembre 2014 - Centro Ascolto","og_description":"Aversa |\u00a0 6-7 Dicembre 2014 Il Corso, della durata complessiva di 12 ore, si svolge ad Aversa in via Michelangelo Buonarroti 44. OBIETTIVI DEL CORSO: il corso vuole essere un\u2019esperienza di apprendimento pratico rivolta a tutti coloro che desiderano approfondire la tematica dell\u2019ipnosi e di come essa possa essere utilizzata per il benessere personale. Il corso ha come obiettivo principale quello di insegnare una procedura di autoipnosi che ciascun partecipante potr\u00e0 utilizzare su di s\u00e9. Ampio spazio sar\u00e0 dato alla sperimentazione pratica e alle procedure di auto-induzione ipnotica.","og_url":"https:\/\/www.centroascolto.net\/studio\/index.php\/2014\/11\/14\/corso-di-autoipnosi-aversa-6-7-dicembre-2014\/","og_site_name":"Centro Ascolto","article_publisher":"https:\/\/www.facebook.com\/centro.ascolto.758\/?ref=br_rs","article_published_time":"2014-11-14T09:03:04+00:00","article_modified_time":"2015-07-31T11:08:50+00:00","og_image":[{"width":282,"height":300,"url":"https:\/\/www.centroascolto.net\/studio\/wp-content\/uploads\/2014\/11\/autoipnosi1-282x300.jpg","type":"image\/jpeg"}],"author":"gluvian","twitter_card":"summary_large_image","twitter_misc":{"Scritto da":"gluvian","Tempo di lettura stimato":"1 minuto"},"schema":{"@context":"https:\/\/schema.org","@graph":[{"@type":"WebPage","@id":"https:\/\/www.centroascolto.net\/studio\/index.php\/2014\/11\/14\/corso-di-autoipnosi-aversa-6-7-dicembre-2014\/","url":"https:\/\/www.centroascolto.net\/studio\/index.php\/2014\/11\/14\/corso-di-autoipnosi-aversa-6-7-dicembre-2014\/","name":"Corso di Autoipnosi | Aversa - 6-7 Dicembre 2014 - Centro Ascolto","isPartOf":{"@id":"https:\/\/www.centroascolto.net\/studio\/#website"},"primaryImageOfPage":{"@id":"https:\/\/www.centroascolto.net\/studio\/index.php\/2014\/11\/14\/corso-di-autoipnosi-aversa-6-7-dicembre-2014\/#primaryimage"},"image":{"@id":"https:\/\/www.centroascolto.net\/studio\/index.php\/2014\/11\/14\/corso-di-autoipnosi-aversa-6-7-dicembre-2014\/#primaryimage"},"thumbnailUrl":"https:\/\/www.centroascolto.net\/studio\/wp-content\/uploads\/2014\/11\/autoipnosi1-282x300.jpg","datePublished":"2014-11-14T09:03:04+00:00","dateModified":"2015-07-31T11:08:50+00:00","author":{"@id":"https:\/\/www.centroascolto.net\/studio\/#\/schema\/person\/1d8ce00a5fa94aad6c4a8068bd4230fa"},"breadcrumb":{"@id":"https:\/\/www.centroascolto.net\/studio\/index.php\/2014\/11\/14\/corso-di-autoipnosi-aversa-6-7-dicembre-2014\/#breadcrumb"},"inLanguage":"it-IT","potentialAction":[{"@type":"ReadAction","target":["https:\/\/www.centroascolto.net\/studio\/index.php\/2014\/11\/14\/corso-di-autoipnosi-aversa-6-7-dicembre-2014\/"]}]},{"@type":"ImageObject","inLanguage":"it-IT","@id":"https:\/\/www.centroascolto.net\/studio\/index.php\/2014\/11\/14\/corso-di-autoipnosi-aversa-6-7-dicembre-2014\/#primaryimage","url":"https:\/\/www.centroascolto.net\/studio\/wp-content\/uploads\/2014\/11\/autoipnosi1-282x300.jpg","contentUrl":"https:\/\/www.centroascolto.net\/studio\/wp-content\/uploads\/2014\/11\/autoipnosi1-282x300.jpg","width":282,"height":300},{"@type":"BreadcrumbList","@id":"https:\/\/www.centroascolto.net\/studio\/index.php\/2014\/11\/14\/corso-di-autoipnosi-aversa-6-7-dicembre-2014\/#breadcrumb","itemListElement":[{"@type":"ListItem","position":1,"name":"Home","item":"https:\/\/www.centroascolto.net\/studio\/"},{"@type":"ListItem","position":2,"name":"Corso di Autoipnosi | Aversa &#8211; 6-7 Dicembre 2014"}]},{"@type":"WebSite","@id":"https:\/\/www.centroascolto.net\/studio\/#website","url":"https:\/\/www.centroascolto.net\/studio\/","name":"Centro Ascolto","description":"Psicologi Aversa","potentialAction":[{"@type":"SearchAction","target":{"@type":"EntryPoint","urlTemplate":"https:\/\/www.centroascolto.net\/studio\/?s={search_term_string}"},"query-input":{"@type":"PropertyValueSpecification","valueRequired":true,"valueName":"search_term_string"}}],"inLanguage":"it-IT"},{"@type":"Person","@id":"https:\/\/www.centroascolto.net\/studio\/#\/schema\/person\/1d8ce00a5fa94aad6c4a8068bd4230fa","name":"gluvian","image":{"@type":"ImageObject","inLanguage":"it-IT","@id":"https:\/\/www.centroascolto.net\/studio\/#\/schema\/person\/image\/","url":"https:\/\/secure.gravatar.com\/avatar\/e674403f6f23accf68b1ba79d18938fda2a530ae9ab7d6d374c8e663a7898f67?s=96&d=mm&r=g","contentUrl":"https:\/\/secure.gravatar.com\/avatar\/e674403f6f23accf68b1ba79d18938fda2a530ae9ab7d6d374c8e663a7898f67?s=96&d=mm&r=g","caption":"gluvian"},"url":"https:\/\/www.centroascolto.net\/studio\/index.php\/author\/gluvian\/"}]}},"_links":{"self":[{"href":"https:\/\/www.centroascolto.net\/studio\/index.php\/wp-json\/wp\/v2\/posts\/1558","targetHints":{"allow":["GET"]}}],"collection":[{"href":"https:\/\/www.centroascolto.net\/studio\/index.php\/wp-json\/wp\/v2\/posts"}],"about":[{"href":"https:\/\/www.centroascolto.net\/studio\/index.php\/wp-json\/wp\/v2\/types\/post"}],"author":[{"embeddable":true,"href":"https:\/\/www.centroascolto.net\/studio\/index.php\/wp-json\/wp\/v2\/users\/1"}],"replies":[{"embeddable":true,"href":"https:\/\/www.centroascolto.net\/studio\/index.php\/wp-json\/wp\/v2\/comments?post=1558"}],"version-history":[{"count":2,"href":"https:\/\/www.centroascolto.net\/studio\/index.php\/wp-json\/wp\/v2\/posts\/1558\/revisions"}],"predecessor-version":[{"id":1664,"href":"https:\/\/www.centroascolto.net\/studio\/index.php\/wp-json\/wp\/v2\/posts\/1558\/revisions\/1664"}],"wp:featuredmedia":[{"embeddable":true,"href":"https:\/\/www.centroascolto.net\/studio\/index.php\/wp-json\/wp\/v2\/media\/1663"}],"wp:attachment":[{"href":"https:\/\/www.centroascolto.net\/studio\/index.php\/wp-json\/wp\/v2\/media?parent=1558"}],"wp:term":[{"taxonomy":"category","embeddable":true,"href":"https:\/\/www.centroascolto.net\/studio\/index.php\/wp-json\/wp\/v2\/categories?post=1558"},{"taxonomy":"post_tag","embeddable":true,"href":"https:\/\/www.centroascolto.net\/studio\/index.php\/wp-json\/wp\/v2\/tags?post=1558"}],"curies":[{"name":"wp","href":"https:\/\/api.w.org\/{rel}","templated":true}]}}