{"id":1913,"date":"2016-05-03T10:08:41","date_gmt":"2016-05-03T08:08:41","guid":{"rendered":"http:\/\/www.centroascolto.net\/studio\/?p=1913"},"modified":"2017-01-14T17:13:44","modified_gmt":"2017-01-14T16:13:44","slug":"professional-hypnotherapy-practitioner-course-2016","status":"publish","type":"post","link":"https:\/\/www.centroascolto.net\/studio\/index.php\/2016\/05\/03\/professional-hypnotherapy-practitioner-course-2016\/","title":{"rendered":"P.R.O.P. &#8211; 2016"},"content":{"rendered":"<p>L\u2019European Institute of Complementary Therapies in collaborazione con \u201cThe Essex Institute\u201d \u2013 UK-\u00a0\u00a0 organizza in Italia corso quadriennale in \u201cPsychotherapy\u201d<\/p>\n<p><strong><em>Personal Resource Orientated Psychotherapy<\/em><\/strong><\/p>\n<p><strong><em>(PROP) II edizione 2016<\/em><\/strong><\/p>\n<p>professional course by \u201cTHE ESSEX INSTITUTE\u201d<\/p>\n<p>Inizio corso primo week-end<strong>\u00a0 11-12 Giugno 2016<\/strong><\/p>\n<p><strong>Finalit\u00e0 del corso:<\/strong><\/p>\n<p>Questo corso di quattro anni ti offrir\u00e0 una formazione professionale approfondita in \u201c<em>Psychotherapy<\/em>\u201d e ti preparer\u00e0 ad una carriera\u00a0\u00a0\u00a0\u00a0 gratificante e stimolante come \u201c<em>psychotherapist<\/em>\u201d.<\/p>\n<p><!--more--><\/p>\n<p><img decoding=\"async\" class=\"wp-more-tag mce-wp-more\" title=\"Read More...\" src=\"data:image\/gif;base64,R0lGODlhAQABAIAAAAAAAP\/\/\/yH5BAEAAAAALAAAAAABAAEAAAIBRAA7\" alt=\"\" data-wp-more=\"\" data-mce-placeholder=\"1\" \/><\/p>\n<p><strong>Destinatari:\u00a0\u00a0\u00a0\u00a0\u00a0\u00a0\u00a0\u00a0\u00a0\u00a0\u00a0\u00a0\u00a0\u00a0\u00a0\u00a0\u00a0\u00a0\u00a0\u00a0\u00a0\u00a0\u00a0\u00a0\u00a0\u00a0\u00a0\u00a0\u00a0\u00a0\u00a0\u00a0\u00a0\u00a0\u00a0\u00a0\u00a0\u00a0\u00a0\u00a0\u00a0\u00a0\u00a0\u00a0\u00a0\u00a0\u00a0\u00a0\u00a0\u00a0\u00a0\u00a0\u00a0\u00a0\u00a0\u00a0\u00a0\u00a0\u00a0\u00a0\u00a0\u00a0\u00a0\u00a0\u00a0\u00a0\u00a0\u00a0\u00a0\u00a0\u00a0\u00a0\u00a0\u00a0\u00a0\u00a0\u00a0\u00a0\u00a0\u00a0\u00a0\u00a0\u00a0\u00a0\u00a0\u00a0\u00a0\u00a0\u00a0\u00a0\u00a0\u00a0\u00a0\u00a0\u00a0\u00a0\u00a0\u00a0\u00a0\u00a0\u00a0\u00a0\u00a0\u00a0\u00a0\u00a0\u00a0\u00a0\u00a0\u00a0\u00a0\u00a0\u00a0\u00a0\u00a0\u00a0\u00a0\u00a0\u00a0\u00a0\u00a0\u00a0\u00a0\u00a0\u00a0\u00a0\u00a0\u00a0\u00a0\u00a0\u00a0\u00a0\u00a0\u00a0\u00a0\u00a0\u00a0\u00a0\u00a0\u00a0\u00a0\u00a0\u00a0<\/strong><\/p>\n<p>Laureati\u00a0 (anche triennale) in discipline umanistiche e sanitarie quali: Psicologia, Sociologia, Scienze della\u00a0\u00a0\u00a0\u00a0 comunicazione, Filosofia, Pedagogia, Medicina, Farmacia, Scienze Infermieristiche, l\u2019aver almeno conseguito una laurea di primo livello presso qualsiasi Facolt\u00e0 o ambito di studi. Un diploma di \u201ccounselling \u201co titolo equivalente. <strong>Non \u00e8 richiesto esame di abilitazione ad eventuali albi di ordini professionali.<\/strong> La \u201cPsychotherapy\u201d\u00a0 nel Regno Unito \u00e8 una professione \u00a0indipendente.<\/p>\n<p><strong>Struttura del corso: <\/strong>Il corso \u00e8 diviso in 10 moduli di 12 ore presenziali; un week-end a cadenza mensile.<\/p>\n<p>Lo studente, dopo aver superato il colloquio di ammissione, si iscrive al corso di formazione che ha una durata di quattro anni e di\u00a0 500 ore annuali per un totale di 2000 ore: di cui\u00a0300\u00a0ore di insegnamento teorico pratico e prevede una parte generale e una parte specifica,\u00a0100 ore di tirocinio,\u00a050 ore di seminari,\u00a050\u00a0ore di supervisioni di gruppo.\u00a0Il corsosi tiene in Aversa (CE) alla via Michelangelo Buonarroti 44. Il certificato di \u201c Psychotherapist \u201d \u00e8 rilasciato da: <strong>\u201c The Essex Institute\u201d ; <\/strong>Nel Regno Unito ci si pu\u00f2\u00a0 definire \u201cInstitute\u201d, e utilizzare il termine, solamente se l&#8217;autorizzazione \u00e8 stata conferita dal Governo del Regno Unito con l&#8217;approvazione del\u00a0 Segretario di stato.<\/p>\n<p>Questo\u00a0\u00a0 corso \u00e8 stato verificato, approvato e accreditato dalla \u201cAssociation for Professional\u00a0\u00a0\u00a0 Hypnosis and Psychotherapy\u201d e dal \u201cThe National Register of Psychotherapists &amp; Counsellors\u201d e conferisce pertanto il diritto al titolo di\u00a0 <strong>\u201c<em>psychotherapist<\/em>\u201d.\u00a0 <\/strong>La \u201cPsychotherapy\u201d\u00a0 nel Regno Unito \u00e8 una professione\u00a0\u00a0\u00a0 indipendente, ma potrebbe non essere cosi in altri stati.<\/p>\n<p>Costo dell corso \u00e8 di \u20ac 1.600,00 +IVA\u00a0 per annualit\u00e0. Modalit\u00e0 di partecipazione: \u20ac 300,00 + IVA all\u2019iscrizione, la restante somma in 10 rate mensili da 130,00 \u20ac + IVA. Le dispense in Inglese e le traduzioni in Italiano sono\u00a0 comprese, libri di testo a carico dello studente.<\/p>\n<p><strong>NB: <\/strong>Il numero di partecipanti ad ogni corso \u00e8 limitato, massimo10, e le iscrizioni\u00a0\u00a0 verranno accolte in base all\u2019ordine di arrivo delle richieste<strong><em>.<\/em><\/strong><\/p>\n<p><strong>Il corso sar\u00e0 attivato al raggiungimento dei 10 iscritti\u00a0\u00a0\u00a0\u00a0\u00a0\u00a0\u00a0\u00a0\u00a0\u00a0\u00a0\u00a0\u00a0\u00a0\u00a0\u00a0\u00a0\u00a0\u00a0\u00a0\u00a0\u00a0\u00a0\u00a0\u00a0\u00a0\u00a0\u00a0\u00a0\u00a0\u00a0\u00a0\u00a0\u00a0\u00a0\u00a0\u00a0\u00a0\u00a0\u00a0\u00a0\u00a0\u00a0\u00a0\u00a0\u00a0\u00a0\u00a0\u00a0\u00a0\u00a0\u00a0\u00a0\u00a0\u00a0\u00a0\u00a0\u00a0\u00a0\u00a0\u00a0\u00a0\u00a0\u00a0\u00a0\u00a0\u00a0\u00a0\u00a0\u00a0\u00a0\u00a0\u00a0\u00a0\u00a0\u00a0\u00a0\u00a0\u00a0\u00a0\u00a0\u00a0\u00a0\u00a0<\/strong><\/p>\n<p><strong>Termine iscrizioni 1 Giugno 2016<\/strong><\/p>\n<p><strong>Per info mandaci una e-mail ( info@eictherapies.it\u00a0 ) o chiamaci al\u00a0 3383816419.\u00a0\u00a0\u00a0\u00a0\u00a0\u00a0\u00a0\u00a0\u00a0\u00a0\u00a0\u00a0\u00a0\u00a0\u00a0\u00a0\u00a0\u00a0\u00a0\u00a0\u00a0\u00a0\u00a0\u00a0\u00a0\u00a0\u00a0\u00a0\u00a0\u00a0\u00a0<\/strong><\/p>\n<p><strong>Altre info su\u00a0 www.eictherapies.it e\u00a0 www.eictherapies.it\/prop\/ \u00a0dove potrai scaricare \u00a0<a href=\"http:\/\/www.eictherapies.it\/eict\/wp-content\/uploads\/2016\/05\/PROPvolantinoBrochure.pdf\">brochure <\/a><\/strong><strong>\u00a0 e\u00a0 \u00a0<a href=\"http:\/\/www.eictherapies.it\/eict\/wp-content\/uploads\/2016\/05\/Schema_Programma.pdf\">programma<\/a><\/strong><strong>.\u00a0\u00a0\u00a0<\/strong><\/p>\n<p><strong>Direttore scientifico e Leader Tutor:\u00a0\u00a0\u00a0\u00a0\u00a0\u00a0\u00a0\u00a0\u00a0\u00a0\u00a0\u00a0\u00a0\u00a0\u00a0\u00a0\u00a0\u00a0\u00a0\u00a0\u00a0\u00a0\u00a0\u00a0\u00a0\u00a0\u00a0\u00a0\u00a0\u00a0\u00a0\u00a0\u00a0\u00a0\u00a0\u00a0\u00a0\u00a0\u00a0\u00a0\u00a0\u00a0\u00a0\u00a0\u00a0\u00a0\u00a0\u00a0\u00a0\u00a0\u00a0\u00a0\u00a0\u00a0\u00a0\u00a0\u00a0\u00a0\u00a0\u00a0\u00a0\u00a0\u00a0\u00a0\u00a0\u00a0\u00a0\u00a0\u00a0\u00a0\u00a0\u00a0\u00a0\u00a0\u00a0\u00a0\u00a0\u00a0\u00a0\u00a0\u00a0\u00a0\u00a0 \u00a0\u00a0\u00a0\u00a0\u00a0\u00a0\u00a0\u00a0\u00a0\u00a0\u00a0\u00a0\u00a0\u00a0\u00a0\u00a0\u00a0\u00a0\u00a0\u00a0\u00a0\u00a0\u00a0\u00a0\u00a0\u00a0\u00a0\u00a0\u00a0\u00a0\u00a0\u00a0\u00a0\u00a0\u00a0\u00a0\u00a0<\/strong><\/p>\n<p>Dott. <strong>Giuseppe Sequino<\/strong>, Psicologo Clinico e di Comunit\u00e0; Licenciado en Psicolog\u00eda (Espa\u00f1a); HCPC Temporary Registered\u00a0 \u201cTemp03374\u201d Part 14 (Practitioner Psychologists), UK; MNCP (Snr Accred Member of the National Council of\u00a0 Psychotherapists) UK; SQHP (Senior Qualification in Hypnotherapy Practice) UK, GHR registered; Certified Hypnotist AAH ( American Alliance of Hypnotists); \u00a0Licensed Hypno-Band Practitioner.<\/p>\n<p><strong>\u00a0<\/strong><\/p>\n<p>&nbsp;<\/p>\n","protected":false},"excerpt":{"rendered":"<p>L\u2019European Institute of Complementary Therapies in collaborazione con \u201cThe Essex Institute\u201d \u2013 UK-\u00a0\u00a0 organizza in Italia corso quadriennale in \u201cPsychotherapy\u201d Personal Resource Orientated Psychotherapy (PROP) II edizione 2016 professional course by \u201cTHE ESSEX INSTITUTE\u201d Inizio corso primo week-end\u00a0 11-12 Giugno 2016 Finalit\u00e0 del corso: Questo corso di quattro anni ti offrir\u00e0 una formazione professionale approfondita in \u201cPsychotherapy\u201d e ti preparer\u00e0 ad una carriera\u00a0\u00a0\u00a0\u00a0 gratificante e stimolante come \u201cpsychotherapist\u201d.<\/p>\n","protected":false},"author":1,"featured_media":1899,"comment_status":"closed","ping_status":"open","sticky":false,"template":"","format":"standard","meta":{"footnotes":""},"categories":[1],"tags":[],"class_list":["post-1913","post","type-post","status-publish","format-standard","has-post-thumbnail","hentry","category-senza-categoria"],"yoast_head":"<!-- This site is optimized with the Yoast SEO plugin v26.1.1 - https:\/\/yoast.com\/wordpress\/plugins\/seo\/ -->\r\n<title>P.R.O.P. - 2016 - Centro Ascolto<\/title>\r\n<meta name=\"robots\" content=\"index, follow, max-snippet:-1, max-image-preview:large, max-video-preview:-1\" \/>\r\n<link rel=\"canonical\" href=\"https:\/\/www.centroascolto.net\/studio\/index.php\/2016\/05\/03\/professional-hypnotherapy-practitioner-course-2016\/\" \/>\r\n<meta property=\"og:locale\" content=\"it_IT\" \/>\r\n<meta property=\"og:type\" content=\"article\" \/>\r\n<meta property=\"og:title\" content=\"P.R.O.P. - 2016 - Centro Ascolto\" \/>\r\n<meta property=\"og:description\" content=\"L\u2019European Institute of Complementary Therapies in collaborazione con \u201cThe Essex Institute\u201d \u2013 UK-\u00a0\u00a0 organizza in Italia corso quadriennale in \u201cPsychotherapy\u201d Personal Resource Orientated Psychotherapy (PROP) II edizione 2016 professional course by \u201cTHE ESSEX INSTITUTE\u201d Inizio corso primo week-end\u00a0 11-12 Giugno 2016 Finalit\u00e0 del corso: Questo corso di quattro anni ti offrir\u00e0 una formazione professionale approfondita in \u201cPsychotherapy\u201d e ti preparer\u00e0 ad una carriera\u00a0\u00a0\u00a0\u00a0 gratificante e stimolante come \u201cpsychotherapist\u201d.\" \/>\r\n<meta property=\"og:url\" content=\"https:\/\/www.centroascolto.net\/studio\/index.php\/2016\/05\/03\/professional-hypnotherapy-practitioner-course-2016\/\" \/>\r\n<meta property=\"og:site_name\" content=\"Centro Ascolto\" \/>\r\n<meta property=\"article:publisher\" content=\"https:\/\/www.facebook.com\/centro.ascolto.758\/?ref=br_rs\" \/>\r\n<meta property=\"article:published_time\" content=\"2016-05-03T08:08:41+00:00\" \/>\r\n<meta property=\"article:modified_time\" content=\"2017-01-14T16:13:44+00:00\" \/>\r\n<meta property=\"og:image\" content=\"https:\/\/www.centroascolto.net\/studio\/wp-content\/uploads\/2015\/12\/logo.png\" \/>\r\n\t<meta property=\"og:image:width\" content=\"800\" \/>\r\n\t<meta property=\"og:image:height\" content=\"101\" \/>\r\n\t<meta property=\"og:image:type\" content=\"image\/png\" \/>\r\n<meta name=\"author\" content=\"gluvian\" \/>\r\n<meta name=\"twitter:card\" content=\"summary_large_image\" \/>\r\n<meta name=\"twitter:label1\" content=\"Scritto da\" \/>\n\t<meta name=\"twitter:data1\" content=\"gluvian\" \/>\n\t<meta name=\"twitter:label2\" content=\"Tempo di lettura stimato\" \/>\n\t<meta name=\"twitter:data2\" content=\"5 minuti\" \/>\r\n<script type=\"application\/ld+json\" class=\"yoast-schema-graph\">{\"@context\":\"https:\/\/schema.org\",\"@graph\":[{\"@type\":\"WebPage\",\"@id\":\"https:\/\/www.centroascolto.net\/studio\/index.php\/2016\/05\/03\/professional-hypnotherapy-practitioner-course-2016\/\",\"url\":\"https:\/\/www.centroascolto.net\/studio\/index.php\/2016\/05\/03\/professional-hypnotherapy-practitioner-course-2016\/\",\"name\":\"P.R.O.P. - 2016 - Centro Ascolto\",\"isPartOf\":{\"@id\":\"https:\/\/www.centroascolto.net\/studio\/#website\"},\"primaryImageOfPage\":{\"@id\":\"https:\/\/www.centroascolto.net\/studio\/index.php\/2016\/05\/03\/professional-hypnotherapy-practitioner-course-2016\/#primaryimage\"},\"image\":{\"@id\":\"https:\/\/www.centroascolto.net\/studio\/index.php\/2016\/05\/03\/professional-hypnotherapy-practitioner-course-2016\/#primaryimage\"},\"thumbnailUrl\":\"https:\/\/www.centroascolto.net\/studio\/wp-content\/uploads\/2015\/12\/logo.png\",\"datePublished\":\"2016-05-03T08:08:41+00:00\",\"dateModified\":\"2017-01-14T16:13:44+00:00\",\"author\":{\"@id\":\"https:\/\/www.centroascolto.net\/studio\/#\/schema\/person\/1d8ce00a5fa94aad6c4a8068bd4230fa\"},\"breadcrumb\":{\"@id\":\"https:\/\/www.centroascolto.net\/studio\/index.php\/2016\/05\/03\/professional-hypnotherapy-practitioner-course-2016\/#breadcrumb\"},\"inLanguage\":\"it-IT\",\"potentialAction\":[{\"@type\":\"ReadAction\",\"target\":[\"https:\/\/www.centroascolto.net\/studio\/index.php\/2016\/05\/03\/professional-hypnotherapy-practitioner-course-2016\/\"]}]},{\"@type\":\"ImageObject\",\"inLanguage\":\"it-IT\",\"@id\":\"https:\/\/www.centroascolto.net\/studio\/index.php\/2016\/05\/03\/professional-hypnotherapy-practitioner-course-2016\/#primaryimage\",\"url\":\"https:\/\/www.centroascolto.net\/studio\/wp-content\/uploads\/2015\/12\/logo.png\",\"contentUrl\":\"https:\/\/www.centroascolto.net\/studio\/wp-content\/uploads\/2015\/12\/logo.png\",\"width\":800,\"height\":101},{\"@type\":\"BreadcrumbList\",\"@id\":\"https:\/\/www.centroascolto.net\/studio\/index.php\/2016\/05\/03\/professional-hypnotherapy-practitioner-course-2016\/#breadcrumb\",\"itemListElement\":[{\"@type\":\"ListItem\",\"position\":1,\"name\":\"Home\",\"item\":\"https:\/\/www.centroascolto.net\/studio\/\"},{\"@type\":\"ListItem\",\"position\":2,\"name\":\"P.R.O.P. &#8211; 2016\"}]},{\"@type\":\"WebSite\",\"@id\":\"https:\/\/www.centroascolto.net\/studio\/#website\",\"url\":\"https:\/\/www.centroascolto.net\/studio\/\",\"name\":\"Centro Ascolto\",\"description\":\"Psicologi Aversa\",\"potentialAction\":[{\"@type\":\"SearchAction\",\"target\":{\"@type\":\"EntryPoint\",\"urlTemplate\":\"https:\/\/www.centroascolto.net\/studio\/?s={search_term_string}\"},\"query-input\":{\"@type\":\"PropertyValueSpecification\",\"valueRequired\":true,\"valueName\":\"search_term_string\"}}],\"inLanguage\":\"it-IT\"},{\"@type\":\"Person\",\"@id\":\"https:\/\/www.centroascolto.net\/studio\/#\/schema\/person\/1d8ce00a5fa94aad6c4a8068bd4230fa\",\"name\":\"gluvian\",\"image\":{\"@type\":\"ImageObject\",\"inLanguage\":\"it-IT\",\"@id\":\"https:\/\/www.centroascolto.net\/studio\/#\/schema\/person\/image\/\",\"url\":\"https:\/\/secure.gravatar.com\/avatar\/e674403f6f23accf68b1ba79d18938fda2a530ae9ab7d6d374c8e663a7898f67?s=96&d=mm&r=g\",\"contentUrl\":\"https:\/\/secure.gravatar.com\/avatar\/e674403f6f23accf68b1ba79d18938fda2a530ae9ab7d6d374c8e663a7898f67?s=96&d=mm&r=g\",\"caption\":\"gluvian\"},\"url\":\"https:\/\/www.centroascolto.net\/studio\/index.php\/author\/gluvian\/\"}]}<\/script>\r\n<!-- \/ Yoast SEO plugin. -->","yoast_head_json":{"title":"P.R.O.P. - 2016 - Centro Ascolto","robots":{"index":"index","follow":"follow","max-snippet":"max-snippet:-1","max-image-preview":"max-image-preview:large","max-video-preview":"max-video-preview:-1"},"canonical":"https:\/\/www.centroascolto.net\/studio\/index.php\/2016\/05\/03\/professional-hypnotherapy-practitioner-course-2016\/","og_locale":"it_IT","og_type":"article","og_title":"P.R.O.P. - 2016 - Centro Ascolto","og_description":"L\u2019European Institute of Complementary Therapies in collaborazione con \u201cThe Essex Institute\u201d \u2013 UK-\u00a0\u00a0 organizza in Italia corso quadriennale in \u201cPsychotherapy\u201d Personal Resource Orientated Psychotherapy (PROP) II edizione 2016 professional course by \u201cTHE ESSEX INSTITUTE\u201d Inizio corso primo week-end\u00a0 11-12 Giugno 2016 Finalit\u00e0 del corso: Questo corso di quattro anni ti offrir\u00e0 una formazione professionale approfondita in \u201cPsychotherapy\u201d e ti preparer\u00e0 ad una carriera\u00a0\u00a0\u00a0\u00a0 gratificante e stimolante come \u201cpsychotherapist\u201d.","og_url":"https:\/\/www.centroascolto.net\/studio\/index.php\/2016\/05\/03\/professional-hypnotherapy-practitioner-course-2016\/","og_site_name":"Centro Ascolto","article_publisher":"https:\/\/www.facebook.com\/centro.ascolto.758\/?ref=br_rs","article_published_time":"2016-05-03T08:08:41+00:00","article_modified_time":"2017-01-14T16:13:44+00:00","og_image":[{"width":800,"height":101,"url":"https:\/\/www.centroascolto.net\/studio\/wp-content\/uploads\/2015\/12\/logo.png","type":"image\/png"}],"author":"gluvian","twitter_card":"summary_large_image","twitter_misc":{"Scritto da":"gluvian","Tempo di lettura stimato":"5 minuti"},"schema":{"@context":"https:\/\/schema.org","@graph":[{"@type":"WebPage","@id":"https:\/\/www.centroascolto.net\/studio\/index.php\/2016\/05\/03\/professional-hypnotherapy-practitioner-course-2016\/","url":"https:\/\/www.centroascolto.net\/studio\/index.php\/2016\/05\/03\/professional-hypnotherapy-practitioner-course-2016\/","name":"P.R.O.P. - 2016 - Centro Ascolto","isPartOf":{"@id":"https:\/\/www.centroascolto.net\/studio\/#website"},"primaryImageOfPage":{"@id":"https:\/\/www.centroascolto.net\/studio\/index.php\/2016\/05\/03\/professional-hypnotherapy-practitioner-course-2016\/#primaryimage"},"image":{"@id":"https:\/\/www.centroascolto.net\/studio\/index.php\/2016\/05\/03\/professional-hypnotherapy-practitioner-course-2016\/#primaryimage"},"thumbnailUrl":"https:\/\/www.centroascolto.net\/studio\/wp-content\/uploads\/2015\/12\/logo.png","datePublished":"2016-05-03T08:08:41+00:00","dateModified":"2017-01-14T16:13:44+00:00","author":{"@id":"https:\/\/www.centroascolto.net\/studio\/#\/schema\/person\/1d8ce00a5fa94aad6c4a8068bd4230fa"},"breadcrumb":{"@id":"https:\/\/www.centroascolto.net\/studio\/index.php\/2016\/05\/03\/professional-hypnotherapy-practitioner-course-2016\/#breadcrumb"},"inLanguage":"it-IT","potentialAction":[{"@type":"ReadAction","target":["https:\/\/www.centroascolto.net\/studio\/index.php\/2016\/05\/03\/professional-hypnotherapy-practitioner-course-2016\/"]}]},{"@type":"ImageObject","inLanguage":"it-IT","@id":"https:\/\/www.centroascolto.net\/studio\/index.php\/2016\/05\/03\/professional-hypnotherapy-practitioner-course-2016\/#primaryimage","url":"https:\/\/www.centroascolto.net\/studio\/wp-content\/uploads\/2015\/12\/logo.png","contentUrl":"https:\/\/www.centroascolto.net\/studio\/wp-content\/uploads\/2015\/12\/logo.png","width":800,"height":101},{"@type":"BreadcrumbList","@id":"https:\/\/www.centroascolto.net\/studio\/index.php\/2016\/05\/03\/professional-hypnotherapy-practitioner-course-2016\/#breadcrumb","itemListElement":[{"@type":"ListItem","position":1,"name":"Home","item":"https:\/\/www.centroascolto.net\/studio\/"},{"@type":"ListItem","position":2,"name":"P.R.O.P. &#8211; 2016"}]},{"@type":"WebSite","@id":"https:\/\/www.centroascolto.net\/studio\/#website","url":"https:\/\/www.centroascolto.net\/studio\/","name":"Centro Ascolto","description":"Psicologi Aversa","potentialAction":[{"@type":"SearchAction","target":{"@type":"EntryPoint","urlTemplate":"https:\/\/www.centroascolto.net\/studio\/?s={search_term_string}"},"query-input":{"@type":"PropertyValueSpecification","valueRequired":true,"valueName":"search_term_string"}}],"inLanguage":"it-IT"},{"@type":"Person","@id":"https:\/\/www.centroascolto.net\/studio\/#\/schema\/person\/1d8ce00a5fa94aad6c4a8068bd4230fa","name":"gluvian","image":{"@type":"ImageObject","inLanguage":"it-IT","@id":"https:\/\/www.centroascolto.net\/studio\/#\/schema\/person\/image\/","url":"https:\/\/secure.gravatar.com\/avatar\/e674403f6f23accf68b1ba79d18938fda2a530ae9ab7d6d374c8e663a7898f67?s=96&d=mm&r=g","contentUrl":"https:\/\/secure.gravatar.com\/avatar\/e674403f6f23accf68b1ba79d18938fda2a530ae9ab7d6d374c8e663a7898f67?s=96&d=mm&r=g","caption":"gluvian"},"url":"https:\/\/www.centroascolto.net\/studio\/index.php\/author\/gluvian\/"}]}},"_links":{"self":[{"href":"https:\/\/www.centroascolto.net\/studio\/index.php\/wp-json\/wp\/v2\/posts\/1913","targetHints":{"allow":["GET"]}}],"collection":[{"href":"https:\/\/www.centroascolto.net\/studio\/index.php\/wp-json\/wp\/v2\/posts"}],"about":[{"href":"https:\/\/www.centroascolto.net\/studio\/index.php\/wp-json\/wp\/v2\/types\/post"}],"author":[{"embeddable":true,"href":"https:\/\/www.centroascolto.net\/studio\/index.php\/wp-json\/wp\/v2\/users\/1"}],"replies":[{"embeddable":true,"href":"https:\/\/www.centroascolto.net\/studio\/index.php\/wp-json\/wp\/v2\/comments?post=1913"}],"version-history":[{"count":5,"href":"https:\/\/www.centroascolto.net\/studio\/index.php\/wp-json\/wp\/v2\/posts\/1913\/revisions"}],"predecessor-version":[{"id":1983,"href":"https:\/\/www.centroascolto.net\/studio\/index.php\/wp-json\/wp\/v2\/posts\/1913\/revisions\/1983"}],"wp:featuredmedia":[{"embeddable":true,"href":"https:\/\/www.centroascolto.net\/studio\/index.php\/wp-json\/wp\/v2\/media\/1899"}],"wp:attachment":[{"href":"https:\/\/www.centroascolto.net\/studio\/index.php\/wp-json\/wp\/v2\/media?parent=1913"}],"wp:term":[{"taxonomy":"category","embeddable":true,"href":"https:\/\/www.centroascolto.net\/studio\/index.php\/wp-json\/wp\/v2\/categories?post=1913"},{"taxonomy":"post_tag","embeddable":true,"href":"https:\/\/www.centroascolto.net\/studio\/index.php\/wp-json\/wp\/v2\/tags?post=1913"}],"curies":[{"name":"wp","href":"https:\/\/api.w.org\/{rel}","templated":true}]}}